{"id":9015,"date":"2023-08-14T15:51:16","date_gmt":"2023-08-14T13:51:16","guid":{"rendered":"https:\/\/www.profeline.de\/?p=9015"},"modified":"2023-08-14T16:03:21","modified_gmt":"2023-08-14T14:03:21","slug":"mieux-comprendre-les-chats-langage-corporel","status":"publish","type":"post","link":"https:\/\/www.profeline.de\/fr\/mieux-comprendre-les-chats-langage-corporel\/","title":{"rendered":"Mieux comprendre les chats &#8211; langage corporel"},"content":{"rendered":"<p><strong>Partie 2 &#8211; Le Langage Corporel des Chats<\/strong><\/p>\n<p>Les chats communiquent non seulement de mani\u00e8re acoustique, mais aussi \u00e0 travers leur corps, parfois de mani\u00e8re tr\u00e8s subtile et presque imperceptible pour nous, les humains. C&rsquo;est pourquoi il est encore plus important de pouvoir interpr\u00e9ter les signaux plus \u00e9vidents de notre chat.<\/p>\n<p>La <strong>position de la queue du chat<\/strong> en dit beaucoup sur son \u00e9tat d&rsquo;esprit. Une queue dress\u00e9e qui se d\u00e9place l\u00e9g\u00e8rement et avec gr\u00e2ce de droite \u00e0 gauche est un signe de salutation amicale. Un l\u00e9ger tremblement dans cette position indique de l&rsquo;excitation. Cependant, plus la queue se met \u00e0 bouger rapidement, en fouettant l&rsquo;air, plus l&rsquo;excitation est grande et plus l&rsquo;\u00e9tat d&rsquo;esprit est agressif. Gonfler la queue ou la cr\u00eate dorsale est un geste de menace. Si le pelage sur tout le corps se h\u00e9risse, cela indique la peur.<\/p>\n<p><strong>Cependant, le plus grand indicateur d&rsquo;humeur se trouve dans la r\u00e9gion de la t\u00eate. Toutes les parties de la t\u00eate refl\u00e8tent l&rsquo;\u00e9tat d&rsquo;esprit du chat.<\/strong><\/p>\n<p>L&rsquo;humeur du chat est le mieux reconnue \u00e0 travers ses oreilles. Lorsque <strong>les oreilles<\/strong> sont dress\u00e9es et dirig\u00e9es vers l&rsquo;avant, c&rsquo;est un signe d&rsquo;humeur amicale et curieuse. Plus les oreilles se tournent vers l&rsquo;arri\u00e8re et se plient vers la t\u00eate, plus l&rsquo;humeur est tendue.<\/p>\n<div id=\"attachment_7690\" style=\"width: 1040px\" class=\"wp-caption aligncenter\"><a href=\"https:\/\/www.profeline.de\/wp-content\/uploads\/2022\/01\/katzen-koerpersprache-ohren.jpg\"><img loading=\"lazy\" decoding=\"async\" aria-describedby=\"caption-attachment-7690\" class=\"wp-image-7690 size-large\" src=\"https:\/\/www.profeline.de\/wp-content\/uploads\/2022\/01\/katzen-koerpersprache-ohren-1030x418.jpg\" alt=\"\" width=\"1030\" height=\"418\" srcset=\"https:\/\/www.profeline.de\/wp-content\/uploads\/2022\/01\/katzen-koerpersprache-ohren-1030x418.jpg 1030w, https:\/\/www.profeline.de\/wp-content\/uploads\/2022\/01\/katzen-koerpersprache-ohren-300x122.jpg 300w, https:\/\/www.profeline.de\/wp-content\/uploads\/2022\/01\/katzen-koerpersprache-ohren-768x311.jpg 768w, https:\/\/www.profeline.de\/wp-content\/uploads\/2022\/01\/katzen-koerpersprache-ohren-705x286.jpg 705w, https:\/\/www.profeline.de\/wp-content\/uploads\/2022\/01\/katzen-koerpersprache-ohren-450x183.jpg 450w, https:\/\/www.profeline.de\/wp-content\/uploads\/2022\/01\/katzen-koerpersprache-ohren.jpg 1398w\" sizes=\"auto, (max-width: 1030px) 100vw, 1030px\" \/><\/a><p id=\"caption-attachment-7690\" class=\"wp-caption-text\">Boris et Lilly de Profeline dans un moment priv\u00e9 de \u00ab\u00a0jeu agressif\u00a0\u00bb.<\/p><\/div>\n<p>De m\u00eame, <strong>les vibrisses faciales<\/strong>, ou moustaches, donnent des indications sur l&rsquo;\u00e9tat d&rsquo;esprit du chat. Lorsqu&rsquo;elles sont \u00e9tir\u00e9es vers l&rsquo;avant, elles indiquent de la curiosit\u00e9, de la pr\u00e9paration \u00e0 l&rsquo;action, mais aussi une attaque imminente. Tir\u00e9es en arri\u00e8re signifie \u00ab\u00a0ne t&rsquo;approche pas trop\u00a0\u00bb, le chat veut de l&rsquo;espace ou ne se sent pas bien. Elles sont \u00e9galement tir\u00e9es en arri\u00e8re lors du reniflement.<\/p>\n<p>Lorsque les <strong>yeux<\/strong> du chat sont grand ouverts et fixent vous ou un autre chat, la prudence est de mise. C&rsquo;est provocateur et pourrait signifier une attaque, mais aussi de la peur ou de la vigilance. Des yeux mi-clos ou un clin d&rsquo;\u0153il indiquent le sourire du chat, un geste amical. Des pupilles dilat\u00e9es indiquent la peur, la surprise, la d\u00e9fense&#8230; ou il fait sombre \ud83d\ude09. Des pupilles \u00e9troites en forme de fente sont montr\u00e9es par le chat lorsqu&rsquo;il est int\u00e9ress\u00e9, tendu ou mena\u00e7ant&#8230; ou lorsque le soleil brille \ud83d\ude09.<\/p>\n<p><iframe loading=\"lazy\" title=\"Lecteur vid\u00e9o YouTube\" src=\"https:\/\/www.youtube-nocookie.com\/embed\/qI8otKp6Am8?controls=0\" width=\"560\" height=\"315\" frameborder=\"0\" allowfullscreen=\"allowfullscreen\"><\/iframe><br \/>\nDe plus, <strong>le l\u00e9chage du nez<\/strong> a souvent une signification. Apr\u00e8s avoir mang\u00e9 ou renifl\u00e9, c&rsquo;est normal, mais si le chat se l\u00e8che le nez dans d&rsquo;autres situations, cela pourrait indiquer de la tension, du stress, voire m\u00eame des naus\u00e9es.<\/p>\n<p>Et votre chat ne <strong>b\u00e2ille<\/strong> pas seulement quand il est fatigu\u00e9. Les chats baillent \u00e9galement lorsqu&rsquo;ils sont stress\u00e9s et tendus ou en guise de geste d&rsquo;apaisement ou de salutation.<\/p>\n<div id=\"attachment_7687\" style=\"width: 1040px\" class=\"wp-caption aligncenter\"><a href=\"https:\/\/www.profeline.de\/wp-content\/uploads\/2022\/01\/katzen-koerpersprache-gaehnen.jpg\"><img loading=\"lazy\" decoding=\"async\" aria-describedby=\"caption-attachment-7687\" class=\"wp-image-7687 size-large\" src=\"https:\/\/www.profeline.de\/wp-content\/uploads\/2022\/01\/katzen-koerpersprache-gaehnen-1030x573.jpg\" alt=\"\" width=\"1030\" height=\"573\" srcset=\"https:\/\/www.profeline.de\/wp-content\/uploads\/2022\/01\/katzen-koerpersprache-gaehnen-1030x573.jpg 1030w, https:\/\/www.profeline.de\/wp-content\/uploads\/2022\/01\/katzen-koerpersprache-gaehnen-300x167.jpg 300w, https:\/\/www.profeline.de\/wp-content\/uploads\/2022\/01\/katzen-koerpersprache-gaehnen-768x427.jpg 768w, https:\/\/www.profeline.de\/wp-content\/uploads\/2022\/01\/katzen-koerpersprache-gaehnen-705x392.jpg 705w, https:\/\/www.profeline.de\/wp-content\/uploads\/2022\/01\/katzen-koerpersprache-gaehnen-450x250.jpg 450w, https:\/\/www.profeline.de\/wp-content\/uploads\/2022\/01\/katzen-koerpersprache-gaehnen.jpg 1277w\" sizes=\"auto, (max-width: 1030px) 100vw, 1030px\" \/><\/a><p id=\"caption-attachment-7687\" class=\"wp-caption-text\">Boris et Lilly, les Devon Rex de Profeline, dans un moment priv\u00e9 &#8211; au fait, Lilly est en train de changer de dents ici \ud83d\ude09<\/p><\/div>\n<p>B\u00e2iller, le <strong>toilettage soudain et heurt\u00e9<\/strong> ou le secouement de la patte ou de la t\u00eate peuvent \u00e9galement \u00eatre des <strong>comportements de d\u00e9placement<\/strong>. Ils surviennent lorsque le chat ne peut pas d\u00e9cider entre deux actions et est en conflit. Par exemple, dois-je attaquer ou m&rsquo;enfuir ? Dois-je rester ici ou me cacher ? Dois-je sauter sur ma proie ou attendre et voir ? Ces comportements de d\u00e9placement peuvent se produire dans de telles situations.<\/p>\n<p><img loading=\"lazy\" decoding=\"async\" class=\"aligncenter size-medium wp-image-7391\" src=\"https:\/\/www.profeline.de\/wp-content\/uploads\/2021\/10\/claudia-fellini-katzenseelchen-201x300.jpg\" alt=\"\" width=\"201\" height=\"300\" srcset=\"https:\/\/www.profeline.de\/wp-content\/uploads\/2021\/10\/claudia-fellini-katzenseelchen-201x300.jpg 201w, https:\/\/www.profeline.de\/wp-content\/uploads\/2021\/10\/claudia-fellini-katzenseelchen-768x1143.jpg 768w, https:\/\/www.profeline.de\/wp-content\/uploads\/2021\/10\/claudia-fellini-katzenseelchen-692x1030.jpg 692w, https:\/\/www.profeline.de\/wp-content\/uploads\/2021\/10\/claudia-fellini-katzenseelchen-474x705.jpg 474w, https:\/\/www.profeline.de\/wp-content\/uploads\/2021\/10\/claudia-fellini-katzenseelchen-450x670.jpg 450w, https:\/\/www.profeline.de\/wp-content\/uploads\/2021\/10\/claudia-fellini-katzenseelchen.jpg 941w\" sizes=\"auto, (max-width: 201px) 100vw, 201px\" \/><\/p>\n<p style=\"text-align: center;\"><a href=\"https:\/\/www.katzenseelchen.de\/\" target=\"_blank\" rel=\"noopener noreferrer\">Katzenseelchen<\/a><br \/>\nClaudia Fellini<\/p>\n<p><a href=\"https:\/\/www.katzenseelchen.de\/\" target=\"_blank\" rel=\"noopener noreferrer\"><img loading=\"lazy\" decoding=\"async\" class=\"wp-image-7397 size-medium aligncenter\" src=\"https:\/\/www.profeline.de\/wp-content\/uploads\/2021\/10\/logo-katzenseelchen-300x179.png\" alt=\"\" width=\"300\" height=\"179\" srcset=\"https:\/\/www.profeline.de\/wp-content\/uploads\/2021\/10\/logo-katzenseelchen-300x179.png 300w, https:\/\/www.profeline.de\/wp-content\/uploads\/2021\/10\/logo-katzenseelchen-768x459.png 768w, https:\/\/www.profeline.de\/wp-content\/uploads\/2021\/10\/logo-katzenseelchen-1030x615.png 1030w, https:\/\/www.profeline.de\/wp-content\/uploads\/2021\/10\/logo-katzenseelchen-1500x896.png 1500w, https:\/\/www.profeline.de\/wp-content\/uploads\/2021\/10\/logo-katzenseelchen-705x421.png 705w, https:\/\/www.profeline.de\/wp-content\/uploads\/2021\/10\/logo-katzenseelchen-450x269.png 450w\" sizes=\"auto, (max-width: 300px) 100vw, 300px\" \/><\/a><br \/>\n<strong>\u00c0 propos de Claudia Fellini &#8211; Psychologue f\u00e9line et Consultante en Comportement F\u00e9lin<\/strong><\/p>\n<p>Citation de son site Katzenseelchen : \u00ab\u00a0En tant qu&#8217;employ\u00e9e de bureau \u00e0 l&rsquo;origine, j&rsquo;ai toujours appr\u00e9ci\u00e9 la compagnie des animaux, en particulier les chats, toute ma vie. Je vis avec 3 chats m\u00e2les et une chatte, tous issus de refuges pour animaux et chacun ayant une histoire unique.<\/p>\n<p>La nature des chats m&rsquo;a toujours fascin\u00e9e, et mon amour pour eux m&rsquo;a conduit non seulement \u00e0 mon engagement dans la protection des animaux, mais aussi \u00e0 un int\u00e9r\u00eat croissant pour la psychologie f\u00e9line. Le travail de divers experts f\u00e9lins, professionnels du chat et \u00ab\u00a0chuchoteurs\u00a0\u00bb de chat m&rsquo;a fascin\u00e9e. J&rsquo;ai \u00e9t\u00e9 impressionn\u00e9e par ce qu&rsquo;un th\u00e9rapeute f\u00e9lin peut accomplir avec une th\u00e9rapie comportementale sp\u00e9cifique. Je voulais comprendre le comportement des chats, pour ainsi dire, apprendre et comprendre le \u00ab\u00a0langage des chats\u00a0\u00bb, ce dont ils ont besoin et ce qui les rend heureux.\u00a0\u00bb Plus d&rsquo;informations sur <a href=\"https:\/\/www.katzenseelchen.de\/\" target=\"_blank\" rel=\"noopener noreferrer\">Katzenseelchen<\/a><\/p>\n","protected":false},"excerpt":{"rendered":"<p>Partie 2 &#8211; Le Langage Corporel des Chats Les chats communiquent non seulement de mani\u00e8re acoustique, mais aussi \u00e0 travers leur corps, parfois de mani\u00e8re tr\u00e8s subtile et presque imperceptible pour nous, les humains. C&rsquo;est pourquoi il est encore plus important de pouvoir interpr\u00e9ter les signaux plus \u00e9vidents de notre chat. La position de la [&hellip;]<\/p>\n","protected":false},"author":4,"featured_media":7683,"comment_status":"closed","ping_status":"closed","sticky":false,"template":"","format":"standard","meta":{"footnotes":""},"categories":[286,326],"tags":[318,329,328,327],"class_list":["post-9015","post","type-post","status-publish","format-standard","has-post-thumbnail","hentry","category-comportement-du-chat","category-psychologie-feline","tag-chats","tag-conseils","tag-langage-corporel","tag-psychologie-feline"],"yoast_head":"<!-- This site is optimized with the Yoast SEO plugin v25.9 - https:\/\/yoast.com\/wordpress\/plugins\/seo\/ -->\n<title>Mieux comprendre les chats - langage corporel - Profeline<\/title>\n<meta name=\"description\" content=\"Partie 2 - Le Langage Corporel des Chats Les chats communiquent non seulement de mani\u00e8re acoustique, mais aussi \u00e0 travers leur corps, parfois de mani\u00e8re\" \/>\n<meta name=\"robots\" content=\"index, follow, max-snippet:-1, max-image-preview:large, max-video-preview:-1\" \/>\n<link rel=\"canonical\" href=\"https:\/\/www.profeline.de\/fr\/mieux-comprendre-les-chats-langage-corporel\/\" \/>\n<meta property=\"og:locale\" content=\"fr_FR\" \/>\n<meta property=\"og:type\" content=\"article\" \/>\n<meta property=\"og:title\" content=\"Mieux comprendre les chats - langage corporel - Profeline\" \/>\n<meta property=\"og:description\" content=\"Partie 2 - Le Langage Corporel des Chats Les chats communiquent non seulement de mani\u00e8re acoustique, mais aussi \u00e0 travers leur corps, parfois de mani\u00e8re\" \/>\n<meta property=\"og:url\" content=\"https:\/\/www.profeline.de\/fr\/mieux-comprendre-les-chats-langage-corporel\/\" \/>\n<meta property=\"og:site_name\" content=\"Profeline\" \/>\n<meta property=\"article:published_time\" content=\"2023-08-14T13:51:16+00:00\" \/>\n<meta property=\"article:modified_time\" content=\"2023-08-14T14:03:21+00:00\" \/>\n<meta property=\"og:image\" content=\"https:\/\/www.profeline.de\/wp-content\/uploads\/2022\/01\/katzen-koerpersprache.jpg\" \/>\n\t<meta property=\"og:image:width\" content=\"900\" \/>\n\t<meta property=\"og:image:height\" content=\"375\" \/>\n\t<meta property=\"og:image:type\" content=\"image\/jpeg\" \/>\n<meta name=\"author\" content=\"Volker Schlecht\" \/>\n<meta name=\"twitter:label1\" content=\"\u00c9crit par\" \/>\n\t<meta name=\"twitter:data1\" content=\"Volker Schlecht\" \/>\n\t<meta name=\"twitter:label2\" content=\"Dur\u00e9e de lecture estim\u00e9e\" \/>\n\t<meta name=\"twitter:data2\" content=\"4 minutes\" \/>\n<script type=\"application\/ld+json\" class=\"yoast-schema-graph\">{\"@context\":\"https:\/\/schema.org\",\"@graph\":[{\"@type\":\"WebPage\",\"@id\":\"https:\/\/www.profeline.de\/fr\/mieux-comprendre-les-chats-langage-corporel\/\",\"url\":\"https:\/\/www.profeline.de\/fr\/mieux-comprendre-les-chats-langage-corporel\/\",\"name\":\"Mieux comprendre les chats - langage corporel - Profeline\",\"isPartOf\":{\"@id\":\"https:\/\/www.profeline.de\/#website\"},\"primaryImageOfPage\":{\"@id\":\"https:\/\/www.profeline.de\/fr\/mieux-comprendre-les-chats-langage-corporel\/#primaryimage\"},\"image\":{\"@id\":\"https:\/\/www.profeline.de\/fr\/mieux-comprendre-les-chats-langage-corporel\/#primaryimage\"},\"thumbnailUrl\":\"https:\/\/www.profeline.de\/wp-content\/uploads\/2022\/01\/katzen-koerpersprache.jpg\",\"datePublished\":\"2023-08-14T13:51:16+00:00\",\"dateModified\":\"2023-08-14T14:03:21+00:00\",\"author\":{\"@id\":\"https:\/\/www.profeline.de\/#\/schema\/person\/521eaab26c9f06ae4ff236206480bcfe\"},\"description\":\"Partie 2 - Le Langage Corporel des Chats Les chats communiquent non seulement de mani\u00e8re acoustique, mais aussi \u00e0 travers leur corps, parfois de mani\u00e8re\",\"breadcrumb\":{\"@id\":\"https:\/\/www.profeline.de\/fr\/mieux-comprendre-les-chats-langage-corporel\/#breadcrumb\"},\"inLanguage\":\"fr-FR\",\"potentialAction\":[{\"@type\":\"ReadAction\",\"target\":[\"https:\/\/www.profeline.de\/fr\/mieux-comprendre-les-chats-langage-corporel\/\"]}]},{\"@type\":\"ImageObject\",\"inLanguage\":\"fr-FR\",\"@id\":\"https:\/\/www.profeline.de\/fr\/mieux-comprendre-les-chats-langage-corporel\/#primaryimage\",\"url\":\"https:\/\/www.profeline.de\/wp-content\/uploads\/2022\/01\/katzen-koerpersprache.jpg\",\"contentUrl\":\"https:\/\/www.profeline.de\/wp-content\/uploads\/2022\/01\/katzen-koerpersprache.jpg\",\"width\":900,\"height\":375},{\"@type\":\"BreadcrumbList\",\"@id\":\"https:\/\/www.profeline.de\/fr\/mieux-comprendre-les-chats-langage-corporel\/#breadcrumb\",\"itemListElement\":[{\"@type\":\"ListItem\",\"position\":1,\"name\":\"Home\",\"item\":\"https:\/\/www.profeline.de\/fr\/\"},{\"@type\":\"ListItem\",\"position\":2,\"name\":\"Mieux comprendre les chats &#8211; langage corporel\"}]},{\"@type\":\"WebSite\",\"@id\":\"https:\/\/www.profeline.de\/#website\",\"url\":\"https:\/\/www.profeline.de\/\",\"name\":\"Profeline\",\"description\":\"Katzen-Kratzbaum-System\",\"potentialAction\":[{\"@type\":\"SearchAction\",\"target\":{\"@type\":\"EntryPoint\",\"urlTemplate\":\"https:\/\/www.profeline.de\/?s={search_term_string}\"},\"query-input\":{\"@type\":\"PropertyValueSpecification\",\"valueRequired\":true,\"valueName\":\"search_term_string\"}}],\"inLanguage\":\"fr-FR\"},{\"@type\":\"Person\",\"@id\":\"https:\/\/www.profeline.de\/#\/schema\/person\/521eaab26c9f06ae4ff236206480bcfe\",\"name\":\"Volker Schlecht\",\"image\":{\"@type\":\"ImageObject\",\"inLanguage\":\"fr-FR\",\"@id\":\"https:\/\/www.profeline.de\/#\/schema\/person\/image\/\",\"url\":\"https:\/\/secure.gravatar.com\/avatar\/bcb4797d0ae4cc2a040251195c3b3976ed2fba89da8f8ea99fa22d2bbff8a8b6?s=96&d=identicon&r=g\",\"contentUrl\":\"https:\/\/secure.gravatar.com\/avatar\/bcb4797d0ae4cc2a040251195c3b3976ed2fba89da8f8ea99fa22d2bbff8a8b6?s=96&d=identicon&r=g\",\"caption\":\"Volker Schlecht\"},\"url\":\"https:\/\/www.profeline.de\/fr\/author\/volker\/\"}]}<\/script>\n<!-- \/ Yoast SEO plugin. -->","yoast_head_json":{"title":"Mieux comprendre les chats - langage corporel - Profeline","description":"Partie 2 - Le Langage Corporel des Chats Les chats communiquent non seulement de mani\u00e8re acoustique, mais aussi \u00e0 travers leur corps, parfois de mani\u00e8re","robots":{"index":"index","follow":"follow","max-snippet":"max-snippet:-1","max-image-preview":"max-image-preview:large","max-video-preview":"max-video-preview:-1"},"canonical":"https:\/\/www.profeline.de\/fr\/mieux-comprendre-les-chats-langage-corporel\/","og_locale":"fr_FR","og_type":"article","og_title":"Mieux comprendre les chats - langage corporel - Profeline","og_description":"Partie 2 - Le Langage Corporel des Chats Les chats communiquent non seulement de mani\u00e8re acoustique, mais aussi \u00e0 travers leur corps, parfois de mani\u00e8re","og_url":"https:\/\/www.profeline.de\/fr\/mieux-comprendre-les-chats-langage-corporel\/","og_site_name":"Profeline","article_published_time":"2023-08-14T13:51:16+00:00","article_modified_time":"2023-08-14T14:03:21+00:00","og_image":[{"width":900,"height":375,"url":"https:\/\/www.profeline.de\/wp-content\/uploads\/2022\/01\/katzen-koerpersprache.jpg","type":"image\/jpeg"}],"author":"Volker Schlecht","twitter_misc":{"\u00c9crit par":"Volker Schlecht","Dur\u00e9e de lecture estim\u00e9e":"4 minutes"},"schema":{"@context":"https:\/\/schema.org","@graph":[{"@type":"WebPage","@id":"https:\/\/www.profeline.de\/fr\/mieux-comprendre-les-chats-langage-corporel\/","url":"https:\/\/www.profeline.de\/fr\/mieux-comprendre-les-chats-langage-corporel\/","name":"Mieux comprendre les chats - langage corporel - Profeline","isPartOf":{"@id":"https:\/\/www.profeline.de\/#website"},"primaryImageOfPage":{"@id":"https:\/\/www.profeline.de\/fr\/mieux-comprendre-les-chats-langage-corporel\/#primaryimage"},"image":{"@id":"https:\/\/www.profeline.de\/fr\/mieux-comprendre-les-chats-langage-corporel\/#primaryimage"},"thumbnailUrl":"https:\/\/www.profeline.de\/wp-content\/uploads\/2022\/01\/katzen-koerpersprache.jpg","datePublished":"2023-08-14T13:51:16+00:00","dateModified":"2023-08-14T14:03:21+00:00","author":{"@id":"https:\/\/www.profeline.de\/#\/schema\/person\/521eaab26c9f06ae4ff236206480bcfe"},"description":"Partie 2 - Le Langage Corporel des Chats Les chats communiquent non seulement de mani\u00e8re acoustique, mais aussi \u00e0 travers leur corps, parfois de mani\u00e8re","breadcrumb":{"@id":"https:\/\/www.profeline.de\/fr\/mieux-comprendre-les-chats-langage-corporel\/#breadcrumb"},"inLanguage":"fr-FR","potentialAction":[{"@type":"ReadAction","target":["https:\/\/www.profeline.de\/fr\/mieux-comprendre-les-chats-langage-corporel\/"]}]},{"@type":"ImageObject","inLanguage":"fr-FR","@id":"https:\/\/www.profeline.de\/fr\/mieux-comprendre-les-chats-langage-corporel\/#primaryimage","url":"https:\/\/www.profeline.de\/wp-content\/uploads\/2022\/01\/katzen-koerpersprache.jpg","contentUrl":"https:\/\/www.profeline.de\/wp-content\/uploads\/2022\/01\/katzen-koerpersprache.jpg","width":900,"height":375},{"@type":"BreadcrumbList","@id":"https:\/\/www.profeline.de\/fr\/mieux-comprendre-les-chats-langage-corporel\/#breadcrumb","itemListElement":[{"@type":"ListItem","position":1,"name":"Home","item":"https:\/\/www.profeline.de\/fr\/"},{"@type":"ListItem","position":2,"name":"Mieux comprendre les chats &#8211; langage corporel"}]},{"@type":"WebSite","@id":"https:\/\/www.profeline.de\/#website","url":"https:\/\/www.profeline.de\/","name":"Profeline","description":"Katzen-Kratzbaum-System","potentialAction":[{"@type":"SearchAction","target":{"@type":"EntryPoint","urlTemplate":"https:\/\/www.profeline.de\/?s={search_term_string}"},"query-input":{"@type":"PropertyValueSpecification","valueRequired":true,"valueName":"search_term_string"}}],"inLanguage":"fr-FR"},{"@type":"Person","@id":"https:\/\/www.profeline.de\/#\/schema\/person\/521eaab26c9f06ae4ff236206480bcfe","name":"Volker Schlecht","image":{"@type":"ImageObject","inLanguage":"fr-FR","@id":"https:\/\/www.profeline.de\/#\/schema\/person\/image\/","url":"https:\/\/secure.gravatar.com\/avatar\/bcb4797d0ae4cc2a040251195c3b3976ed2fba89da8f8ea99fa22d2bbff8a8b6?s=96&d=identicon&r=g","contentUrl":"https:\/\/secure.gravatar.com\/avatar\/bcb4797d0ae4cc2a040251195c3b3976ed2fba89da8f8ea99fa22d2bbff8a8b6?s=96&d=identicon&r=g","caption":"Volker Schlecht"},"url":"https:\/\/www.profeline.de\/fr\/author\/volker\/"}]}},"_links":{"self":[{"href":"https:\/\/www.profeline.de\/fr\/wp-json\/wp\/v2\/posts\/9015","targetHints":{"allow":["GET"]}}],"collection":[{"href":"https:\/\/www.profeline.de\/fr\/wp-json\/wp\/v2\/posts"}],"about":[{"href":"https:\/\/www.profeline.de\/fr\/wp-json\/wp\/v2\/types\/post"}],"author":[{"embeddable":true,"href":"https:\/\/www.profeline.de\/fr\/wp-json\/wp\/v2\/users\/4"}],"replies":[{"embeddable":true,"href":"https:\/\/www.profeline.de\/fr\/wp-json\/wp\/v2\/comments?post=9015"}],"version-history":[{"count":3,"href":"https:\/\/www.profeline.de\/fr\/wp-json\/wp\/v2\/posts\/9015\/revisions"}],"predecessor-version":[{"id":9033,"href":"https:\/\/www.profeline.de\/fr\/wp-json\/wp\/v2\/posts\/9015\/revisions\/9033"}],"wp:featuredmedia":[{"embeddable":true,"href":"https:\/\/www.profeline.de\/fr\/wp-json\/wp\/v2\/media\/7683"}],"wp:attachment":[{"href":"https:\/\/www.profeline.de\/fr\/wp-json\/wp\/v2\/media?parent=9015"}],"wp:term":[{"taxonomy":"category","embeddable":true,"href":"https:\/\/www.profeline.de\/fr\/wp-json\/wp\/v2\/categories?post=9015"},{"taxonomy":"post_tag","embeddable":true,"href":"https:\/\/www.profeline.de\/fr\/wp-json\/wp\/v2\/tags?post=9015"}],"curies":[{"name":"wp","href":"https:\/\/api.w.org\/{rel}","templated":true}]}}